{"id":2868,"date":"2021-09-27T02:56:03","date_gmt":"2021-09-27T05:56:03","guid":{"rendered":"http:\/\/rafa.fisica.org.ar\/?p=2868"},"modified":"2021-09-28T18:38:31","modified_gmt":"2021-09-28T21:38:31","slug":"la-subcomision-de-genero-ya-tiene-todo-listo","status":"publish","type":"post","link":"http:\/\/rafa.fisica.org.ar\/en\/la-subcomision-de-genero-ya-tiene-todo-listo\/","title":{"rendered":"G\u00e9nero defini\u00f3 su actividad"},"content":{"rendered":"\t\t<div data-elementor-type=\"wp-post\" data-elementor-id=\"2868\" class=\"elementor elementor-2868\" data-elementor-settings=\"[]\">\n\t\t\t\t\t\t\t<div class=\"elementor-section-wrap\">\n\t\t\t\t\t\t\t<section class=\"elementor-section elementor-top-section elementor-element elementor-element-1d8c89c elementor-section-boxed elementor-section-height-default elementor-section-height-default\" data-id=\"1d8c89c\" data-element_type=\"section\">\n\t\t\t\t\t\t<div class=\"elementor-container elementor-column-gap-default\">\n\t\t\t\t\t<div class=\"elementor-column elementor-col-100 elementor-top-column elementor-element elementor-element-888c26e\" data-id=\"888c26e\" data-element_type=\"column\">\n\t\t\t<div class=\"elementor-widget-wrap elementor-element-populated\">\n\t\t\t\t\t\t\t\t<div class=\"elementor-element elementor-element-8996539 elementor-widget elementor-widget-text-editor\" data-id=\"8996539\" data-element_type=\"widget\" data-widget_type=\"text-editor.default\">\n\t\t\t\t<div class=\"elementor-widget-container\">\n\t\t\t\t\t\t\t<p>La Subcomisi\u00f3n de G\u00e9nero de nuestra Asociaci\u00f3n ya tiene definida su actividad. El mi\u00e9rcoles 23\/10 llevar\u00e1 adelante una mesa redonda titulada <em>Evaluaciones en ciencia con perspectiva de g\u00e9nero: expectativa vs realidad.<\/em><\/p>\n<p>Consult\u00e1 todos los detalles de la actividad <a href=\"http:\/\/rafa.fisica.org.ar\/programa\/subcomision-de-genero\/\"><strong>aqu\u00ed<\/strong><\/a>.<\/p>\t\t\t\t\t\t<\/div>\n\t\t\t\t<\/div>\n\t\t\t\t\t<\/div>\n\t\t<\/div>\n\t\t\t\t\t\t\t<\/div>\n\t\t<\/section>\n\t\t\t\t\t\t<\/div>\n\t\t\t\t\t<\/div>\n\t\t","protected":false},"excerpt":{"rendered":"<p>La Subcomisi\u00f3n de G\u00e9nero de nuestra Asociaci\u00f3n ya tiene definida su actividad. El mi\u00e9rcoles 23\/10 llevar\u00e1 adelante una mesa redonda titulada Evaluaciones en ciencia con perspectiva de g\u00e9nero: expectativa vs&hellip;&nbsp;<a href=\"http:\/\/rafa.fisica.org.ar\/en\/la-subcomision-de-genero-ya-tiene-todo-listo\/\" class=\"\" rel=\"bookmark\">Read More &raquo;<span class=\"screen-reader-text\">G\u00e9nero defini\u00f3 su actividad<\/span><\/a><\/p>\n","protected":false},"author":2,"featured_media":2966,"comment_status":"open","ping_status":"open","sticky":false,"template":"","format":"standard","meta":{"neve_meta_sidebar":"","neve_meta_container":"","neve_meta_enable_content_width":"off","neve_meta_content_width":0,"neve_meta_title_alignment":"","neve_meta_author_avatar":"","neve_post_elements_order":"","neve_meta_disable_header":"","neve_meta_disable_footer":"","neve_meta_disable_title":"","_ti_tpc_template_sync":false,"_ti_tpc_template_id":"","footnotes":""},"categories":[52],"tags":[],"class_list":["post-2868","post","type-post","status-publish","format-standard","has-post-thumbnail","hentry","category-noticias"],"_links":{"self":[{"href":"http:\/\/rafa.fisica.org.ar\/en\/wp-json\/wp\/v2\/posts\/2868","targetHints":{"allow":["GET"]}}],"collection":[{"href":"http:\/\/rafa.fisica.org.ar\/en\/wp-json\/wp\/v2\/posts"}],"about":[{"href":"http:\/\/rafa.fisica.org.ar\/en\/wp-json\/wp\/v2\/types\/post"}],"author":[{"embeddable":true,"href":"http:\/\/rafa.fisica.org.ar\/en\/wp-json\/wp\/v2\/users\/2"}],"replies":[{"embeddable":true,"href":"http:\/\/rafa.fisica.org.ar\/en\/wp-json\/wp\/v2\/comments?post=2868"}],"version-history":[{"count":12,"href":"http:\/\/rafa.fisica.org.ar\/en\/wp-json\/wp\/v2\/posts\/2868\/revisions"}],"predecessor-version":[{"id":2880,"href":"http:\/\/rafa.fisica.org.ar\/en\/wp-json\/wp\/v2\/posts\/2868\/revisions\/2880"}],"wp:featuredmedia":[{"embeddable":true,"href":"http:\/\/rafa.fisica.org.ar\/en\/wp-json\/wp\/v2\/media\/2966"}],"wp:attachment":[{"href":"http:\/\/rafa.fisica.org.ar\/en\/wp-json\/wp\/v2\/media?parent=2868"}],"wp:term":[{"taxonomy":"category","embeddable":true,"href":"http:\/\/rafa.fisica.org.ar\/en\/wp-json\/wp\/v2\/categories?post=2868"},{"taxonomy":"post_tag","embeddable":true,"href":"http:\/\/rafa.fisica.org.ar\/en\/wp-json\/wp\/v2\/tags?post=2868"}],"curies":[{"name":"wp","href":"https:\/\/api.w.org\/{rel}","templated":true}]}}